{"id":13274,"date":"2025-09-10T17:23:40","date_gmt":"2025-09-10T15:23:40","guid":{"rendered":"https:\/\/www.lamamita.it\/blog\/?p=13274"},"modified":"2025-09-10T17:23:40","modified_gmt":"2025-09-10T15:23:40","slug":"moda-etica-e-slow-fashion","status":"publish","type":"post","link":"https:\/\/www.lamamita.it\/blog\/moda-etica-e-slow-fashion\/","title":{"rendered":"Moda etica e slow fashion: perch\u00e9 l\u2019alpaca \u00e8 la fibra del futuro"},"content":{"rendered":"<div id=\"ez-toc-container\" class=\"ez-toc-v2_0_82_2 counter-hierarchy ez-toc-counter ez-toc-transparent ez-toc-container-direction\">\n<div class=\"ez-toc-title-container\">\n<p class=\"ez-toc-title\" style=\"cursor:inherit\">Indice<\/p>\n<span class=\"ez-toc-title-toggle\"><a href=\"#\" class=\"ez-toc-pull-right ez-toc-btn ez-toc-btn-xs ez-toc-btn-default ez-toc-toggle\" aria-label=\"Toggle Table of Content\"><span class=\"ez-toc-js-icon-con\"><span class=\"\"><span class=\"eztoc-hide\" style=\"display:none;\">Toggle<\/span><span class=\"ez-toc-icon-toggle-span\"><svg style=\"fill: #999;color:#999\" xmlns=\"http:\/\/www.w3.org\/2000\/svg\" class=\"list-377408\" width=\"20px\" height=\"20px\" viewBox=\"0 0 24 24\" fill=\"none\"><path d=\"M6 6H4v2h2V6zm14 0H8v2h12V6zM4 11h2v2H4v-2zm16 0H8v2h12v-2zM4 16h2v2H4v-2zm16 0H8v2h12v-2z\" fill=\"currentColor\"><\/path><\/svg><svg style=\"fill: #999;color:#999\" class=\"arrow-unsorted-368013\" xmlns=\"http:\/\/www.w3.org\/2000\/svg\" width=\"10px\" height=\"10px\" viewBox=\"0 0 24 24\" version=\"1.2\" baseProfile=\"tiny\"><path d=\"M18.2 9.3l-6.2-6.3-6.2 6.3c-.2.2-.3.4-.3.7s.1.5.3.7c.2.2.4.3.7.3h11c.3 0 .5-.1.7-.3.2-.2.3-.5.3-.7s-.1-.5-.3-.7zM5.8 14.7l6.2 6.3 6.2-6.3c.2-.2.3-.5.3-.7s-.1-.5-.3-.7c-.2-.2-.4-.3-.7-.3h-11c-.3 0-.5.1-.7.3-.2.2-.3.5-.3.7s.1.5.3.7z\"\/><\/svg><\/span><\/span><\/span><\/a><\/span><\/div>\n<nav><ul class='ez-toc-list ez-toc-list-level-1 eztoc-toggle-hide-by-default' ><li class='ez-toc-page-1 ez-toc-heading-level-2'><a class=\"ez-toc-link ez-toc-heading-1\" href=\"https:\/\/www.lamamita.it\/blog\/moda-etica-e-slow-fashion\/#Moda_etica_e_slow_fashion_da_dove_arriva_cio_che_indossiamo\" >Moda etica e slow fashion: da dove arriva ci\u00f2 che indossiamo?<\/a><ul class='ez-toc-list-level-3' ><li class='ez-toc-heading-level-3'><a class=\"ez-toc-link ez-toc-heading-2\" href=\"https:\/\/www.lamamita.it\/blog\/moda-etica-e-slow-fashion\/#Moda_etica_e_slow_fashion_da_dove_arriva_cio_che_indossiamo-2\" >Moda etica e slow fashion: da dove arriva ci\u00f2 che indossiamo?<\/a><\/li><\/ul><\/li><li class='ez-toc-page-1 ez-toc-heading-level-2'><a class=\"ez-toc-link ez-toc-heading-3\" href=\"https:\/\/www.lamamita.it\/blog\/moda-etica-e-slow-fashion\/#Moda_etica_e_slow_fashion_il_valore_dellalpaca_tra_tradizione_e_innovazione\" >Moda etica e slow fashion: il valore dell\u2019alpaca tra tradizione e innovazione<\/a><ul class='ez-toc-list-level-3' ><li class='ez-toc-heading-level-3'><a class=\"ez-toc-link ez-toc-heading-4\" href=\"https:\/\/www.lamamita.it\/blog\/moda-etica-e-slow-fashion\/#Moda_etica_limpatto_ambientale_degli_Alpaca\" >Moda etica: l\u2019impatto ambientale degli Alpaca<\/a><\/li><\/ul><\/li><li class='ez-toc-page-1 ez-toc-heading-level-2'><a class=\"ez-toc-link ez-toc-heading-5\" href=\"https:\/\/www.lamamita.it\/blog\/moda-etica-e-slow-fashion\/#Il_benessere_del_pianeta_tra_moda_etica_e_slow_fashion\" >Il benessere del pianeta tra moda etica e slow fashion<\/a><\/li><li class='ez-toc-page-1 ez-toc-heading-level-2'><a class=\"ez-toc-link ez-toc-heading-6\" href=\"https:\/\/www.lamamita.it\/blog\/moda-etica-e-slow-fashion\/#LaMamita%C2%AE_un_brand_di_Moda_etica_e_slow_fashion_un_pensiero_che_diventa_realta\" >LaMamita\u00ae un brand di Moda etica e slow fashion: un pensiero che diventa realt\u00e0<\/a><ul class='ez-toc-list-level-3' ><li class='ez-toc-heading-level-3'><a class=\"ez-toc-link ez-toc-heading-7\" href=\"https:\/\/www.lamamita.it\/blog\/moda-etica-e-slow-fashion\/#Slow_fashion_Peru_e_Ande_sul_podio\" >Slow fashion: Per\u00f9 e Ande sul podio<\/a><\/li><li class='ez-toc-page-1 ez-toc-heading-level-3'><a class=\"ez-toc-link ez-toc-heading-8\" href=\"https:\/\/www.lamamita.it\/blog\/moda-etica-e-slow-fashion\/#Moda_etica_e_sostenibile_Peru_tradizioni_e_artigianato_in_lana_di_alpaca\" >Moda etica e sostenibile: Per\u00f9, tradizioni e artigianato in lana di alpaca<\/a><\/li><li class='ez-toc-page-1 ez-toc-heading-level-3'><a class=\"ez-toc-link ez-toc-heading-9\" href=\"https:\/\/www.lamamita.it\/blog\/moda-etica-e-slow-fashion\/#Slow_fashion_leleganza_che_dura_nel_tempo\" >Slow fashion: l\u2019eleganza che dura nel tempo<\/a><\/li><li class='ez-toc-page-1 ez-toc-heading-level-3'><a class=\"ez-toc-link ez-toc-heading-10\" href=\"https:\/\/www.lamamita.it\/blog\/moda-etica-e-slow-fashion\/#Moda_etica_tessitrici_in_comunita_andina\" >Moda etica: tessitrici in comunit\u00e0 andina<\/a><\/li><\/ul><\/li><\/ul><\/nav><\/div>\n<h2><span class=\"ez-toc-section\" id=\"Moda_etica_e_slow_fashion_da_dove_arriva_cio_che_indossiamo\"><\/span><span style=\"color: #008080;\">Moda etica e slow fashion: da dove arriva ci\u00f2 che indossiamo?<\/span><span class=\"ez-toc-section-end\"><\/span><\/h2>\n<p>Il dibattito sulla <strong>slow fashion<\/strong>, <strong>moda etica e sostenibile<\/strong> non \u00e8 pi\u00f9 una nicchia per pochi appassionati: \u00e8 diventato uno dei temi centrali dell\u2019industria tessile internazionale. Negli ultimi anni, complici l\u2019impatto del fast fashion e la crescente sensibilit\u00e0 dei consumatori, la domanda non \u00e8 pi\u00f9 soltanto \u201ccosa indossiamo?\u201d, ma soprattutto \u201ccome e da dove arriva ci\u00f2 che indossiamo?\u201d.<\/p>\n<h3 style=\"text-align: center;\"><span class=\"ez-toc-section\" id=\"Moda_etica_e_slow_fashion_da_dove_arriva_cio_che_indossiamo-2\"><\/span><span style=\"color: #008080;\">Moda etica e slow fashion: da dove arriva ci\u00f2 che indossiamo?<\/span><span class=\"ez-toc-section-end\"><\/span><\/h3>\n<p><img loading=\"lazy\" decoding=\"async\" class=\"aligncenter wp-image-13276\" title=\"Moda etica: la tosatura mantiene puliti gli alpaca\" src=\"https:\/\/www.lamamita.it\/blog\/wp-content\/uploads\/2025\/09\/moda-etica-slow-fashion-alpaca-tosatura.jpg\" alt=\"Moda etica e slow fashion\" width=\"600\" height=\"800\" srcset=\"https:\/\/www.lamamita.it\/blog\/wp-content\/uploads\/2025\/09\/moda-etica-slow-fashion-alpaca-tosatura.jpg 600w, https:\/\/www.lamamita.it\/blog\/wp-content\/uploads\/2025\/09\/moda-etica-slow-fashion-alpaca-tosatura-480x640.jpg 480w\" sizes=\"(min-width: 0px) and (max-width: 480px) 480px, (min-width: 481px) 600px, 100vw\" \/><\/p>\n<p>La ricerca di alternative responsabili ha riportato l\u2019attenzione sulle <strong>fibre naturali e durevoli<\/strong>, capaci di conciliare estetica, funzionalit\u00e0 e rispetto per l\u2019ambiente. Tra queste, l\u2019alpaca si sta imponendo come una delle soluzioni pi\u00f9 interessanti. Originaria degli altopiani andini, la <a title=\"La fibra di alpaca\" href=\"https:\/\/www.lamamita.it\/moda-ecologica\/la-nostra-alpaca\" target=\"_blank\" rel=\"noopener\">fibra di alpaca<\/a> \u00e8 conosciuta da secoli per la sua leggerezza, la resistenza e la capacit\u00e0 di offrire calore senza appesantire. A differenza di molte lane comuni, non punge, \u00e8 ipoallergenica e non richiede processi industriali aggressivi. La sua produzione coinvolge ancora comunit\u00e0 locali e tecniche artigianali che custodiscono un sapere millenario, creando un legame tra chi indossa un capo e chi lo ha realizzato.<\/p>\n<h2><span class=\"ez-toc-section\" id=\"Moda_etica_e_slow_fashion_il_valore_dellalpaca_tra_tradizione_e_innovazione\"><\/span><span style=\"color: #008080;\">Moda etica e slow fashion: il valore dell\u2019alpaca tra tradizione e innovazione<\/span><span class=\"ez-toc-section-end\"><\/span><\/h2>\n<p>Il concetto di <strong>slow fashion<\/strong> nasce proprio da qui: ridare valore al tempo e alla durata dei capi. Comprare meno, ma meglio. Significa scegliere tessuti che non si rovinano dopo pochi lavaggi, ma che accompagnano chi li indossa per anni, diventando parte della sua quotidianit\u00e0. In un\u2019epoca in cui milioni di tonnellate di abiti finiscono ogni anno nelle discariche, l\u2019alpaca rappresenta una risposta concreta: un tessuto nobile, naturale, capace di ridurre gli sprechi semplicemente perch\u00e9 dura di pi\u00f9.<\/p>\n<h3 style=\"text-align: center;\"><span class=\"ez-toc-section\" id=\"Moda_etica_limpatto_ambientale_degli_Alpaca\"><\/span><span style=\"color: #008080;\">Moda etica: l\u2019impatto ambientale degli Alpaca<\/span><span class=\"ez-toc-section-end\"><\/span><\/h3>\n<p><img loading=\"lazy\" decoding=\"async\" class=\"aligncenter wp-image-13277\" title=\"Alpaca allevati in libert\u00e0 su altopiano Andino\" src=\"https:\/\/www.lamamita.it\/blog\/wp-content\/uploads\/2025\/09\/Moda-etica-impatto-ambientale-degli-Alpaca.jpg\" alt=\"Moda etica: l\u2019impatto ambientale degli Alpaca\" width=\"800\" height=\"450\"><\/p>\n<p>Il tema non riguarda solo la qualit\u00e0, ma anche l\u2019impatto ambientale. Le alpaca hanno un\u2019impronta ecologica minore rispetto ad altri animali da allevamento: pascolano senza danneggiare i terreni, non consumano quantit\u00e0 eccessive di acqua e non richiedono mangimi industriali. Questo le rende un esempio virtuoso di come sia possibile produrre <strong>fibre di pregio<\/strong> senza impoverire l\u2019ambiente.<\/p>\n<h2><span class=\"ez-toc-section\" id=\"Il_benessere_del_pianeta_tra_moda_etica_e_slow_fashion\"><\/span><span style=\"color: #008080;\">Il benessere del pianeta tra moda etica e slow fashion<\/span><span class=\"ez-toc-section-end\"><\/span><\/h2>\n<p>Parallelamente, la moda di fascia medio-alta sta vivendo una trasformazione profonda. Sempre pi\u00f9 stilisti e brand scelgono di investire in fibre nobili e in filiere tracciabili, consapevoli che il vero lusso non \u00e8 pi\u00f9 l\u2019ostentazione, ma l\u2019autenticit\u00e0. <strong>Vestirsi in modo etico<\/strong> non significa rinunciare all\u2019eleganza, ma piuttosto riscoprirla in una forma nuova: quella che lega il benessere personale alla responsabilit\u00e0 verso il pianeta.<\/p>\n<p>Chi guarda al futuro della moda non pu\u00f2 ignorare questa direzione. <strong>Fibre come l\u2019alpaca<\/strong> non sono soltanto un ritorno al passato, ma una risposta moderna e necessaria alle sfide del presente: capi belli, confortevoli, ma soprattutto coerenti con un\u2019idea di mondo pi\u00f9 equilibrato. Ed \u00e8 proprio in questa coerenza che risiede la vera raffinatezza.<\/p>\n<h2><span class=\"ez-toc-section\" id=\"LaMamita%C2%AE_un_brand_di_Moda_etica_e_slow_fashion_un_pensiero_che_diventa_realta\"><\/span><span style=\"color: #008080;\">LaMamita\u00ae un brand di Moda etica e slow fashion: un pensiero che diventa realt\u00e0<\/span><span class=\"ez-toc-section-end\"><\/span><\/h2>\n<p><img loading=\"lazy\" decoding=\"async\" class=\"aligncenter wp-image-13278\" title=\"LaMamita abbigliamento, un brand di moda etica e slow fashion\" src=\"https:\/\/www.lamamita.it\/blog\/wp-content\/uploads\/2025\/09\/LaMamita-brand-Moda-etica.jpg\" alt=\"moda etica e slow fashion brand\" width=\"800\" height=\"450\"><\/p>\n<p>Un esempio di questa filosofia \u00e8 rappresentato da LaMamita\u00ae, realt\u00e0 italiana che da oltre quarant\u2019anni lavora a stretto contatto con le comunit\u00e0 artigiane delle Ande.<\/p>\n<h3 style=\"text-align: center;\"><span class=\"ez-toc-section\" id=\"Slow_fashion_Peru_e_Ande_sul_podio\"><\/span><span style=\"color: #008080;\">Slow fashion: Per\u00f9 e Ande sul podio<\/span><span class=\"ez-toc-section-end\"><\/span><\/h3>\n<p>ngg_shortcode_0_placeholderNei suoi capi in alpaca si intrecciano tradizione e contemporaneit\u00e0: la scelta delle <strong>fibre naturali<\/strong>, l\u2019uso di colori vegetali e la cura dei dettagli manuali restituiscono un\u2019idea di moda lontana dalla logica dell\u2019usa e getta.<\/p>\n<h3 style=\"text-align: center;\"><span class=\"ez-toc-section\" id=\"Moda_etica_e_sostenibile_Peru_tradizioni_e_artigianato_in_lana_di_alpaca\"><\/span><span style=\"color: #008080;\">Moda etica e sostenibile: Per\u00f9, tradizioni e artigianato in lana di alpaca<\/span><span class=\"ez-toc-section-end\"><\/span><\/h3>\n<p>ngg_shortcode_1_placeholder<br \/>\nCi\u00f2 che colpisce, osservando il loro percorso, non \u00e8 soltanto la qualit\u00e0 dei prodotti, ma la coerenza di una visione. LaMamita\u00ae ha costruito nel tempo una rete etica che mette al centro le persone e l\u2019ambiente, dimostrando che \u00e8 possibile proporre collezioni raffinate senza rinunciare alla responsabilit\u00e0 sociale e alla sostenibilit\u00e0.<\/p>\n<h3 style=\"text-align: center;\"><span class=\"ez-toc-section\" id=\"Slow_fashion_leleganza_che_dura_nel_tempo\"><\/span><span style=\"color: #008080;\">Slow fashion: l\u2019eleganza che dura nel tempo<\/span><span class=\"ez-toc-section-end\"><\/span><\/h3>\n<p>ngg_shortcode_2_placeholderIn un contesto in cui molti brand parlano di <strong>moda green<\/strong> come semplice tendenza, LaMamita\u00ae si distingue perch\u00e9 ha fatto della sostenibilit\u00e0 un principio fondante, molto prima che diventasse una parola chiave. \u00c8 per questo che i suoi capi in alpaca non sono solo abiti, ma testimonianze concrete di un futuro della moda che pu\u00f2 essere insieme bello, giusto e durevole.<\/p>\n<h3 style=\"text-align: center;\"><span class=\"ez-toc-section\" id=\"Moda_etica_tessitrici_in_comunita_andina\"><\/span><span style=\"color: #008080;\">Moda etica: tessitrici in comunit\u00e0 andina<\/span><span class=\"ez-toc-section-end\"><\/span><\/h3>\n<p><img loading=\"lazy\" decoding=\"async\" class=\"aligncenter wp-image-13291\" title=\"Moda etica: tessitrici in comunit\u00e0 andina\" src=\"https:\/\/www.lamamita.it\/blog\/wp-content\/uploads\/2025\/09\/tessitrici-comunita-andina-moda-etica.jpg\" alt=\"Moda etica, slow fashion e artigianato\" width=\"800\" height=\"450\"><\/p>\n<p><span style=\"font-size: 12pt;\">Moda etica e slow fashion: <a title=\"LaMamita abbigliamento: La storia del brand\" href=\"https:\/\/www.lamamita.it\/blog\/curiosita-e-cultura\/la-nostra-storia\/\">La storia del brand LaMamita<\/a><\/span><\/p>\n<p><span style=\"font-size: 14pt;\">\u00bfEres espa\u00f1ol? Descubre nuestro blog:&nbsp;<a title=\"Jerseys mujer de punto para mujer\" href=\"https:\/\/lamamitablog.es\/jerseys-mujer-de-punto\/\" target=\"_blank\" rel=\"noopener\">Moda sostenible: Jerseys mujer de punto<\/a><\/span><\/p>\n<p style=\"text-align: center;\"><span style=\"color: #800080;\"><strong><span style=\"font-size: 14pt;\">SEGUICI SUI SOCIAL<\/span><\/strong><\/span><\/p>\n","protected":false},"excerpt":{"rendered":"<p>L\u2019alpaca \u00e8 la fibra che racconta il futuro della moda: etica, sostenibile e raffinata. Dalle Ande al guardaroba contemporaneo, un viaggio che unisce tradizione, innovazione e slow fashion.<\/p>\n","protected":false},"author":5,"featured_media":13275,"comment_status":"closed","ping_status":"closed","sticky":false,"template":"","format":"image","meta":{"_acf_changed":false,"_et_pb_use_builder":"","_et_pb_old_content":"","_et_gb_content_width":"","advgb_blocks_editor_width":"","advgb_blocks_columns_visual_guide":"","ngg_post_thumbnail":0,"footnotes":""},"categories":[141,140],"tags":[108,109],"hf_cat_post":[],"class_list":["post-13274","post","type-post","status-publish","format-image","has-post-thumbnail","hentry","category-natura-e-abbigliamento-in-fibre-naturali","category-curiosita-e-cultura","tag-lana-dalpaca","tag-peru-artigianato","post_format-post-format-image"],"acf":[],"author_meta":{"display_name":"LaMamita","author_link":"https:\/\/www.lamamita.it\/blog\/author\/lamamita\/"},"featured_img":"https:\/\/www.lamamita.it\/blog\/wp-content\/uploads\/2025\/09\/Moda-etica-e-slow-fashion-300x169.jpg","coauthors":[],"tax_additional":{"categories":{"linked":["<a href=\"https:\/\/www.lamamita.it\/blog\/curiosita-e-cultura\/natura-e-abbigliamento-in-fibre-naturali\/\" class=\"advgb-post-tax-term\">Natura e Abbigliamento<\/a>","<a href=\"https:\/\/www.lamamita.it\/blog\/curiosita-e-cultura\/\" class=\"advgb-post-tax-term\">Curiosit\u00e0 e Cultura<\/a>"],"unlinked":["<span class=\"advgb-post-tax-term\">Natura e Abbigliamento<\/span>","<span class=\"advgb-post-tax-term\">Curiosit\u00e0 e Cultura<\/span>"]},"tags":{"linked":["<a href=\"https:\/\/www.lamamita.it\/blog\/curiosita-e-cultura\/\" class=\"advgb-post-tax-term\">Lana d&#039;Alpaca<\/a>","<a href=\"https:\/\/www.lamamita.it\/blog\/curiosita-e-cultura\/\" class=\"advgb-post-tax-term\">Per\u00f9<\/a>"],"unlinked":["<span class=\"advgb-post-tax-term\">Lana d&#039;Alpaca<\/span>","<span class=\"advgb-post-tax-term\">Per\u00f9<\/span>"]}},"comment_count":0,"relative_dates":{"created":"Pubblicato 8 mesi fa","modified":"Aggiornato 8 mesi fa"},"absolute_dates":{"created":"Pubblicato il 10 Settembre 2025","modified":"Aggiornato il 10 Settembre 2025"},"absolute_dates_time":{"created":"Pubblicato il 10 Settembre 2025 17:23","modified":"Aggiornato il 10 Settembre 2025 17:23"},"featured_img_caption":"","series_order":"","_links":{"self":[{"href":"https:\/\/www.lamamita.it\/blog\/wp-json\/wp\/v2\/posts\/13274","targetHints":{"allow":["GET"]}}],"collection":[{"href":"https:\/\/www.lamamita.it\/blog\/wp-json\/wp\/v2\/posts"}],"about":[{"href":"https:\/\/www.lamamita.it\/blog\/wp-json\/wp\/v2\/types\/post"}],"author":[{"embeddable":true,"href":"https:\/\/www.lamamita.it\/blog\/wp-json\/wp\/v2\/users\/5"}],"replies":[{"embeddable":true,"href":"https:\/\/www.lamamita.it\/blog\/wp-json\/wp\/v2\/comments?post=13274"}],"version-history":[{"count":2,"href":"https:\/\/www.lamamita.it\/blog\/wp-json\/wp\/v2\/posts\/13274\/revisions"}],"predecessor-version":[{"id":13292,"href":"https:\/\/www.lamamita.it\/blog\/wp-json\/wp\/v2\/posts\/13274\/revisions\/13292"}],"wp:featuredmedia":[{"embeddable":true,"href":"https:\/\/www.lamamita.it\/blog\/wp-json\/wp\/v2\/media\/13275"}],"wp:attachment":[{"href":"https:\/\/www.lamamita.it\/blog\/wp-json\/wp\/v2\/media?parent=13274"}],"wp:term":[{"taxonomy":"category","embeddable":true,"href":"https:\/\/www.lamamita.it\/blog\/wp-json\/wp\/v2\/categories?post=13274"},{"taxonomy":"post_tag","embeddable":true,"href":"https:\/\/www.lamamita.it\/blog\/wp-json\/wp\/v2\/tags?post=13274"},{"taxonomy":"hf_cat_post","embeddable":true,"href":"https:\/\/www.lamamita.it\/blog\/wp-json\/wp\/v2\/hf_cat_post?post=13274"}],"curies":[{"name":"wp","href":"https:\/\/api.w.org\/{rel}","templated":true}]}}