{"id":4165,"date":"2015-09-29T14:05:56","date_gmt":"2015-09-29T12:05:56","guid":{"rendered":"http:\/\/blog.lamamita.it\/?p=4165"},"modified":"2024-09-26T15:44:37","modified_gmt":"2024-09-26T13:44:37","slug":"cardigan-uomo-lana","status":"publish","type":"post","link":"https:\/\/www.lamamita.it\/blog\/cardigan-uomo-lana\/","title":{"rendered":"Cardigan Uomo Lana, 1 irresistibile motivo per sceglierli!"},"content":{"rendered":"<div id=\"ez-toc-container\" class=\"ez-toc-v2_0_82_2 counter-hierarchy ez-toc-counter ez-toc-transparent ez-toc-container-direction\">\n<div class=\"ez-toc-title-container\">\n<p class=\"ez-toc-title\" style=\"cursor:inherit\">Indice<\/p>\n<span class=\"ez-toc-title-toggle\"><a href=\"#\" class=\"ez-toc-pull-right ez-toc-btn ez-toc-btn-xs ez-toc-btn-default ez-toc-toggle\" aria-label=\"Toggle Table of Content\"><span class=\"ez-toc-js-icon-con\"><span class=\"\"><span class=\"eztoc-hide\" style=\"display:none;\">Toggle<\/span><span class=\"ez-toc-icon-toggle-span\"><svg style=\"fill: #999;color:#999\" xmlns=\"http:\/\/www.w3.org\/2000\/svg\" class=\"list-377408\" width=\"20px\" height=\"20px\" viewBox=\"0 0 24 24\" fill=\"none\"><path d=\"M6 6H4v2h2V6zm14 0H8v2h12V6zM4 11h2v2H4v-2zm16 0H8v2h12v-2zM4 16h2v2H4v-2zm16 0H8v2h12v-2z\" fill=\"currentColor\"><\/path><\/svg><svg style=\"fill: #999;color:#999\" class=\"arrow-unsorted-368013\" xmlns=\"http:\/\/www.w3.org\/2000\/svg\" width=\"10px\" height=\"10px\" viewBox=\"0 0 24 24\" version=\"1.2\" baseProfile=\"tiny\"><path d=\"M18.2 9.3l-6.2-6.3-6.2 6.3c-.2.2-.3.4-.3.7s.1.5.3.7c.2.2.4.3.7.3h11c.3 0 .5-.1.7-.3.2-.2.3-.5.3-.7s-.1-.5-.3-.7zM5.8 14.7l6.2 6.3 6.2-6.3c.2-.2.3-.5.3-.7s-.1-.5-.3-.7c-.2-.2-.4-.3-.7-.3h-11c-.3 0-.5.1-.7.3-.2.2-.3.5-.3.7s.1.5.3.7z\"\/><\/svg><\/span><\/span><\/span><\/a><\/span><\/div>\n<nav><ul class='ez-toc-list ez-toc-list-level-1 eztoc-toggle-hide-by-default' ><li class='ez-toc-page-1 ez-toc-heading-level-2'><a class=\"ez-toc-link ez-toc-heading-1\" href=\"https:\/\/www.lamamita.it\/blog\/cardigan-uomo-lana\/#Cardigan_Uomo_Lana\" >Cardigan Uomo Lana<\/a><\/li><li class='ez-toc-page-1 ez-toc-heading-level-2'><a class=\"ez-toc-link ez-toc-heading-2\" href=\"https:\/\/www.lamamita.it\/blog\/cardigan-uomo-lana\/#Cardigan_Uomo_Lana-2\" >Cardigan&nbsp;Uomo Lana<\/a><ul class='ez-toc-list-level-3' ><li class='ez-toc-heading-level-3'><a class=\"ez-toc-link ez-toc-heading-3\" href=\"https:\/\/www.lamamita.it\/blog\/cardigan-uomo-lana\/#Maglioni_invernali_uomo\" >Maglioni invernali uomo<\/a><\/li><\/ul><\/li><\/ul><\/nav><\/div>\n<h2 style=\"text-align: center;\"><span class=\"ez-toc-section\" id=\"Cardigan_Uomo_Lana\"><\/span><strong><span style=\"color: #003300;\">Cardigan Uomo Lana<\/span><\/strong><span class=\"ez-toc-section-end\"><\/span><\/h2>\n<p style=\"text-align: left;\"><a href=\"https:\/\/www.lamamita.it\/blog\/wp-content\/uploads\/2015\/11\/cardigan-uomo-matteo.jpg\"><img loading=\"lazy\" decoding=\"async\" class=\"aligncenter wp-image-4444\" title=\"Cardigan uomo lana\" src=\"https:\/\/www.lamamita.it\/blog\/wp-content\/uploads\/2015\/11\/cardigan-uomo-matteo.jpg\" alt=\"cardigan uomo lana\" width=\"613\" height=\"817\" srcset=\"https:\/\/www.lamamita.it\/blog\/wp-content\/uploads\/2015\/11\/cardigan-uomo-matteo.jpg 613w, https:\/\/www.lamamita.it\/blog\/wp-content\/uploads\/2015\/11\/cardigan-uomo-matteo-480x640.jpg 480w\" sizes=\"(min-width: 0px) and (max-width: 480px) 480px, (min-width: 481px) 613px, 100vw\" \/><\/a><span style=\"color: #000000;\"><strong>Cardigan Uomo Lana: <\/strong><\/span><a href=\"https:\/\/www.lamamita.it\/uomo\/cardigan-alpaca-matteo\" target=\"_blank\" rel=\"noopener noreferrer\">Cardigan Matteo<\/a><br \/>\nImpossibile dimenticare l&#8217;utilit\u00e0 di un buon <a href=\"https:\/\/www.lamamita.it\/uomo\/cardigan-alpaca-uomo\" target=\"_blank\" rel=\"noopener noreferrer\">cardigan di lana<\/a> quando l&#8217;autunno si avvicina e l&#8217;ora di accendere il camino, per chi ce l&#8217;ha, \u00e8 giunta. Anche un uomo ha bisogno di un buon <em>maglione di <\/em><em>lana<\/em>, non dimenticatelo amiche mie.<\/p>\n<h2 style=\"text-align: center;\"><span class=\"ez-toc-section\" id=\"Cardigan_Uomo_Lana-2\"><\/span><strong><span style=\"color: #003300;\">Cardigan&nbsp;<\/span><span style=\"color: #003300;\">Uomo Lana<\/span><\/strong><span class=\"ez-toc-section-end\"><\/span><\/h2>\n<p style=\"text-align: justify;\">Voi gli scaldate il cuore, il maglione gli scalda il corpo e questo \u00e8 quanto. Tuttavia gli uomini, non sono cos\u00ec semplici da accontentare, sembra, ma non \u00e8 cos\u00ec. Quindi se volete che non tema il freddo senza urtare i suoi gusti vi consiglio di prendere in seria considerazione i <a href=\"https:\/\/www.lamamita.it\/uomo\/maglioni-alpaca-uomo\" target=\"_blank\" rel=\"noopener noreferrer\">maglioni di lana per uomo<\/a> del solito sito di cui sempre vi parlo ovviamente!<\/p>\n<h3 style=\"text-align: center;\"><span class=\"ez-toc-section\" id=\"Maglioni_invernali_uomo\"><\/span><strong>Maglioni invernali uomo<\/strong><span class=\"ez-toc-section-end\"><\/span><\/h3>\nngg_shortcode_0_placeholder\n<p style=\"text-align: justify;\"><a href=\"https:\/\/www.lamamita.it\/uomo\/abbigliamento-invernale-uomo\" target=\"_blank\" rel=\"noopener noreferrer\">LaMamita &#8211; Abbigliamento Invernale<\/a>.<\/p>\n<p style=\"text-align: justify;\">Ciao a tutte &amp; tutti e preparatevi a seguirmi perch\u00e8 da oggi faccio sul serio! La vostra Fatane.<\/p>\n<p><span style=\"font-size: 14pt;\"><strong>POTREBBE INTERESSARTI ANCHE<\/strong><\/span><\/p>\n<blockquote class=\"wp-embedded-content\" data-secret=\"EB74UaNspI\"><p><a href=\"https:\/\/www.lamamita.it\/blog\/guardaroba-a-capsula\/\">Guardaroba a capsula, il numero 1!<\/a><\/p><\/blockquote>\n<p><iframe loading=\"lazy\" class=\"wp-embedded-content\" sandbox=\"allow-scripts\" security=\"restricted\" style=\"position: absolute; visibility: hidden;\" title=\"&#8220;Guardaroba a capsula, il numero 1!&#8221; &#8212; LaMamita -Tutto sull&#039;abbigliamento etnico\" src=\"https:\/\/www.lamamita.it\/blog\/guardaroba-a-capsula\/embed\/#?secret=Jo19uY003n#?secret=EB74UaNspI\" data-secret=\"EB74UaNspI\" width=\"600\" height=\"338\" frameborder=\"0\" marginwidth=\"0\" marginheight=\"0\" scrolling=\"no\"><\/iframe><\/p>\n<p style=\"text-align: center;\"><strong><span style=\"font-size: 14pt;\">Seguici sui social<\/span><\/strong><\/p>\n","protected":false},"excerpt":{"rendered":"<p>Impossibile dimenticare l&#8217;utilit\u00e0 di un buon cardigan di lana quando l&#8217;autunno si avvicina e giunge l&#8217;ora di accendere il camino&#8230;<\/p>\n","protected":false},"author":5,"featured_media":4367,"comment_status":"closed","ping_status":"closed","sticky":false,"template":"","format":"image","meta":{"_acf_changed":false,"_et_pb_use_builder":"","_et_pb_old_content":"","_et_gb_content_width":"","advgb_blocks_editor_width":"","advgb_blocks_columns_visual_guide":"","ngg_post_thumbnail":0,"footnotes":""},"categories":[135,133],"tags":[94,100],"hf_cat_post":[],"class_list":["post-4165","post","type-post","status-publish","format-image","has-post-thumbnail","hentry","category-moda-autunno-inverno-abbigliamento-lana-alpaca","category-abbigliamento-fibre-naturali-on-line","tag-abbigliamento-etnico-uomo","tag-maglioni-invernali","post_format-post-format-image"],"acf":[],"author_meta":{"display_name":"LaMamita","author_link":"https:\/\/www.lamamita.it\/blog\/author\/lamamita\/"},"featured_img":"https:\/\/www.lamamita.it\/blog\/wp-content\/uploads\/2015\/10\/matteo-cardigan-uomo-300x169.jpg","coauthors":[],"tax_additional":{"categories":{"linked":["<a href=\"https:\/\/www.lamamita.it\/blog\/abbigliamento-fibre-naturali-on-line\/moda-autunno-inverno-abbigliamento-lana-alpaca\/\" class=\"advgb-post-tax-term\">Moda autunno inverno<\/a>","<a href=\"https:\/\/www.lamamita.it\/blog\/abbigliamento-fibre-naturali-on-line\/\" class=\"advgb-post-tax-term\">Abbigliamento fibre naturali<\/a>"],"unlinked":["<span class=\"advgb-post-tax-term\">Moda autunno inverno<\/span>","<span class=\"advgb-post-tax-term\">Abbigliamento fibre naturali<\/span>"]},"tags":{"linked":["<a href=\"https:\/\/www.lamamita.it\/blog\/abbigliamento-fibre-naturali-on-line\/\" class=\"advgb-post-tax-term\">Abbigliamento Etnico Uomo<\/a>","<a href=\"https:\/\/www.lamamita.it\/blog\/abbigliamento-fibre-naturali-on-line\/\" class=\"advgb-post-tax-term\">Maglioni invernali<\/a>"],"unlinked":["<span class=\"advgb-post-tax-term\">Abbigliamento Etnico Uomo<\/span>","<span class=\"advgb-post-tax-term\">Maglioni invernali<\/span>"]}},"comment_count":0,"relative_dates":{"created":"Pubblicato 11 anni fa","modified":"Aggiornato 2 anni fa"},"absolute_dates":{"created":"Pubblicato il 29 Settembre 2015","modified":"Aggiornato il 26 Settembre 2024"},"absolute_dates_time":{"created":"Pubblicato il 29 Settembre 2015 14:05","modified":"Aggiornato il 26 Settembre 2024 15:44"},"featured_img_caption":"","series_order":"","_links":{"self":[{"href":"https:\/\/www.lamamita.it\/blog\/wp-json\/wp\/v2\/posts\/4165","targetHints":{"allow":["GET"]}}],"collection":[{"href":"https:\/\/www.lamamita.it\/blog\/wp-json\/wp\/v2\/posts"}],"about":[{"href":"https:\/\/www.lamamita.it\/blog\/wp-json\/wp\/v2\/types\/post"}],"author":[{"embeddable":true,"href":"https:\/\/www.lamamita.it\/blog\/wp-json\/wp\/v2\/users\/5"}],"replies":[{"embeddable":true,"href":"https:\/\/www.lamamita.it\/blog\/wp-json\/wp\/v2\/comments?post=4165"}],"version-history":[{"count":14,"href":"https:\/\/www.lamamita.it\/blog\/wp-json\/wp\/v2\/posts\/4165\/revisions"}],"predecessor-version":[{"id":12693,"href":"https:\/\/www.lamamita.it\/blog\/wp-json\/wp\/v2\/posts\/4165\/revisions\/12693"}],"wp:featuredmedia":[{"embeddable":true,"href":"https:\/\/www.lamamita.it\/blog\/wp-json\/wp\/v2\/media\/4367"}],"wp:attachment":[{"href":"https:\/\/www.lamamita.it\/blog\/wp-json\/wp\/v2\/media?parent=4165"}],"wp:term":[{"taxonomy":"category","embeddable":true,"href":"https:\/\/www.lamamita.it\/blog\/wp-json\/wp\/v2\/categories?post=4165"},{"taxonomy":"post_tag","embeddable":true,"href":"https:\/\/www.lamamita.it\/blog\/wp-json\/wp\/v2\/tags?post=4165"},{"taxonomy":"hf_cat_post","embeddable":true,"href":"https:\/\/www.lamamita.it\/blog\/wp-json\/wp\/v2\/hf_cat_post?post=4165"}],"curies":[{"name":"wp","href":"https:\/\/api.w.org\/{rel}","templated":true}]}}