{"id":7048,"date":"2023-07-07T12:09:24","date_gmt":"2023-07-07T10:09:24","guid":{"rendered":"https:\/\/lamamitablog.it\/?p=7048"},"modified":"2024-08-22T16:16:37","modified_gmt":"2024-08-22T14:16:37","slug":"musica-latino-americana","status":"publish","type":"post","link":"https:\/\/www.lamamita.it\/blog\/musica-latino-americana\/","title":{"rendered":"Musica latino americana"},"content":{"rendered":"<p>[et_pb_section fb_built=&#8221;1&#8243; _builder_version=&#8221;4.19.2&#8243; _module_preset=&#8221;default&#8221; custom_padding=&#8221;21px|||||&#8221; locked=&#8221;off&#8221; global_colors_info=&#8221;{}&#8221;][et_pb_row _builder_version=&#8221;4.19.2&#8243; _module_preset=&#8221;default&#8221; background_color=&#8221;RGBA(224,210,184,0.25)&#8221; min_height=&#8221;178.6px&#8221; custom_margin=&#8221;|auto||auto|false|false&#8221; custom_padding=&#8221;||12px||false|false&#8221; global_colors_info=&#8221;{}&#8221;][et_pb_column type=&#8221;4_4&#8243; _builder_version=&#8221;4.19.2&#8243; _module_preset=&#8221;default&#8221; background_color=&#8221;RGBA(255,255,255,0)&#8221; global_colors_info=&#8221;{}&#8221;][et_pb_text _builder_version=&#8221;4.21.0&#8243; text_font=&#8221;||||||||&#8221; text_text_color=&#8221;#595959&#8243; text_line_height=&#8221;1.8em&#8221; link_font=&#8221;||||||||&#8221; ul_font=&#8221;||||||||&#8221; header_font=&#8221;||||||||&#8221; header_2_font=&#8221;|700|||||||&#8221; header_2_text_align=&#8221;center&#8221; header_2_text_color=&#8221;#B51919&#8243; header_2_font_size=&#8221;25px&#8221; header_3_font=&#8221;||||||||&#8221; header_3_font_size=&#8221;45px&#8221; header_3_line_height=&#8221;1.5em&#8221; text_orientation=&#8221;center&#8221; max_width_tablet=&#8221;100%&#8221; max_width_phone=&#8221;100%&#8221; max_width_last_edited=&#8221;off|desktop&#8221; module_alignment=&#8221;right&#8221; custom_margin=&#8221;||||false|false&#8221; custom_padding=&#8221;0px||0px|||&#8221; custom_padding_tablet=&#8221;0px||||false|false&#8221; custom_padding_phone=&#8221;&#8221; custom_padding_last_edited=&#8221;on|tablet&#8221; global_colors_info=&#8221;{}&#8221;]<\/p>\n<div id=\"ez-toc-container\" class=\"ez-toc-v2_0_82_2 counter-hierarchy ez-toc-counter ez-toc-transparent ez-toc-container-direction\">\n<div class=\"ez-toc-title-container\">\n<p class=\"ez-toc-title\" style=\"cursor:inherit\">Indice<\/p>\n<span class=\"ez-toc-title-toggle\"><a href=\"#\" class=\"ez-toc-pull-right ez-toc-btn ez-toc-btn-xs ez-toc-btn-default ez-toc-toggle\" aria-label=\"Toggle Table of Content\"><span class=\"ez-toc-js-icon-con\"><span class=\"\"><span class=\"eztoc-hide\" style=\"display:none;\">Toggle<\/span><span class=\"ez-toc-icon-toggle-span\"><svg style=\"fill: #999;color:#999\" xmlns=\"http:\/\/www.w3.org\/2000\/svg\" class=\"list-377408\" width=\"20px\" height=\"20px\" viewBox=\"0 0 24 24\" fill=\"none\"><path d=\"M6 6H4v2h2V6zm14 0H8v2h12V6zM4 11h2v2H4v-2zm16 0H8v2h12v-2zM4 16h2v2H4v-2zm16 0H8v2h12v-2z\" fill=\"currentColor\"><\/path><\/svg><svg style=\"fill: #999;color:#999\" class=\"arrow-unsorted-368013\" xmlns=\"http:\/\/www.w3.org\/2000\/svg\" width=\"10px\" height=\"10px\" viewBox=\"0 0 24 24\" version=\"1.2\" baseProfile=\"tiny\"><path d=\"M18.2 9.3l-6.2-6.3-6.2 6.3c-.2.2-.3.4-.3.7s.1.5.3.7c.2.2.4.3.7.3h11c.3 0 .5-.1.7-.3.2-.2.3-.5.3-.7s-.1-.5-.3-.7zM5.8 14.7l6.2 6.3 6.2-6.3c.2-.2.3-.5.3-.7s-.1-.5-.3-.7c-.2-.2-.4-.3-.7-.3h-11c-.3 0-.5.1-.7.3-.2.2-.3.5-.3.7s.1.5.3.7z\"\/><\/svg><\/span><\/span><\/span><\/a><\/span><\/div>\n<nav><ul class='ez-toc-list ez-toc-list-level-1 eztoc-toggle-hide-by-default' ><li class='ez-toc-page-1 ez-toc-heading-level-2'><a class=\"ez-toc-link ez-toc-heading-1\" href=\"https:\/\/www.lamamita.it\/blog\/musica-latino-americana\/#Musica_latino_americana\" >Musica latino americana<\/a><\/li><li class='ez-toc-page-1 ez-toc-heading-level-2'><a class=\"ez-toc-link ez-toc-heading-2\" href=\"https:\/\/www.lamamita.it\/blog\/musica-latino-americana\/#Come_e_nata_la_musica_latina\" >Come \u00e8 nata la musica latina?<\/a><\/li><li class='ez-toc-page-1 ez-toc-heading-level-2'><a class=\"ez-toc-link ez-toc-heading-3\" href=\"https:\/\/www.lamamita.it\/blog\/musica-latino-americana\/#Musica_latino_americana_%E2%80%93_Strumenti_musicali\" >Musica latino americana &#8211; Strumenti musicali<\/a><\/li><li class='ez-toc-page-1 ez-toc-heading-level-2'><a class=\"ez-toc-link ez-toc-heading-4\" href=\"https:\/\/www.lamamita.it\/blog\/musica-latino-americana\/#Quali_sono_gli_strumenti_musicali_etnici_della_musica_latino_americana\" >Quali sono gli strumenti musicali etnici della musica latino americana?<\/a><\/li><li class='ez-toc-page-1 ez-toc-heading-level-2'><a class=\"ez-toc-link ez-toc-heading-5\" href=\"https:\/\/www.lamamita.it\/blog\/musica-latino-americana\/#La_magia_della_musica\" >La magia della musica<\/a><ul class='ez-toc-list-level-3' ><li class='ez-toc-heading-level-3'><a class=\"ez-toc-link ez-toc-heading-6\" href=\"https:\/\/www.lamamita.it\/blog\/musica-latino-americana\/#Musica_Andina\" >Musica Andina<\/a><\/li><li class='ez-toc-page-1 ez-toc-heading-level-3'><a class=\"ez-toc-link ez-toc-heading-7\" href=\"https:\/\/www.lamamita.it\/blog\/musica-latino-americana\/#Pena_Naira\" >Pe\u00f1a Naira<\/a><\/li><li class='ez-toc-page-1 ez-toc-heading-level-3'><a class=\"ez-toc-link ez-toc-heading-8\" href=\"https:\/\/www.lamamita.it\/blog\/musica-latino-americana\/#Mal_di_montagna\" >Mal di montagna?<\/a><\/li><li class='ez-toc-page-1 ez-toc-heading-level-3'><a class=\"ez-toc-link ez-toc-heading-9\" href=\"https:\/\/www.lamamita.it\/blog\/musica-latino-americana\/#Come_si_chiama_il_mal_di_montagna\" >Come si chiama il mal di montagna?<\/a><\/li><\/ul><\/li><\/ul><\/nav><\/div>\n<h2><span class=\"ez-toc-section\" id=\"Musica_latino_americana\"><\/span>Musica latino americana<span class=\"ez-toc-section-end\"><\/span><\/h2>\n<p><strong>Musica latino americana<\/strong> &#8211; Negli ultimi anni, la musica latino americana ha conquistato il mondo! Questo \u00e8 un dato di fatto, confermato dall&#8217;immenso consenso popolare che i brani musicali e le canzoni proposte da svariati artisti di diverse nazioni e continenti.<\/p>\n<p>[\/et_pb_text][\/et_pb_column][\/et_pb_row][et_pb_row column_structure=&#8221;1_2,1_2&#8243; use_custom_gutter=&#8221;on&#8221; gutter_width=&#8221;2&#8243; _builder_version=&#8221;4.21.0&#8243; _module_preset=&#8221;default&#8221; global_colors_info=&#8221;{}&#8221;][et_pb_column type=&#8221;1_2&#8243; _builder_version=&#8221;4.21.0&#8243; _module_preset=&#8221;default&#8221; global_colors_info=&#8221;{}&#8221;][et_pb_gallery gallery_ids=&#8221;7055,7056&#8243; posts_number=&#8221;2&#8243; orientation=&#8221;portrait&#8221; show_title_and_caption=&#8221;off&#8221; _builder_version=&#8221;4.21.0&#8243; _module_preset=&#8221;default&#8221; global_colors_info=&#8221;{}&#8221;][\/et_pb_gallery][\/et_pb_column][et_pb_column type=&#8221;1_2&#8243; _builder_version=&#8221;4.21.0&#8243; _module_preset=&#8221;default&#8221; global_colors_info=&#8221;{}&#8221;][et_pb_text _builder_version=&#8221;4.21.0&#8243; _module_preset=&#8221;default&#8221; header_2_text_color=&#8221;#B51919&#8243; header_2_font_size=&#8221;25px&#8221; global_colors_info=&#8221;{}&#8221;]<\/p>\n<h2><span class=\"ez-toc-section\" id=\"Come_e_nata_la_musica_latina\"><\/span>Come \u00e8 nata la musica latina?<span class=\"ez-toc-section-end\"><\/span><\/h2>\n<p>Come \u00e8 nata la<strong> musica latina americana<\/strong> \u00e8 ormai ampiamente documentato da centinaia di esperti, per questo non star\u00f2 qui ad elencarle nuovamente.<strong> Voglio invece raccontavi le mie esperienze personali<\/strong> e condividere con voi le emozioni che ho provato quando, nei miei numerosi viaggi in <strong>Sud America<\/strong>, ho imparato a conoscere ed apprezzare questi<strong> incredibili ritmi e melodie.<\/strong> Ritmi e melodie della musica latino americana che caratterizzano tutti <strong>i generi musicali latino americani.<\/strong><\/p>\n<p>[\/et_pb_text][\/et_pb_column][\/et_pb_row][et_pb_row column_structure=&#8221;1_3,2_3&#8243; use_custom_gutter=&#8221;on&#8221; gutter_width=&#8221;2&#8243; _builder_version=&#8221;4.21.0&#8243; _module_preset=&#8221;default&#8221; global_colors_info=&#8221;{}&#8221;][et_pb_column type=&#8221;1_3&#8243; _builder_version=&#8221;4.19.2&#8243; _module_preset=&#8221;default&#8221; global_colors_info=&#8221;{}&#8221;][et_pb_text _builder_version=&#8221;4.21.0&#8243; _module_preset=&#8221;default&#8221; header_2_text_color=&#8221;#B51919&#8243; header_2_font_size=&#8221;25px&#8221; global_colors_info=&#8221;{}&#8221;]<\/p>\n<h2><span class=\"ez-toc-section\" id=\"Musica_latino_americana_%E2%80%93_Strumenti_musicali\"><\/span>Musica latino americana &#8211; Strumenti musicali<span class=\"ez-toc-section-end\"><\/span><\/h2>\n<p>Sin dai primi viaggi, la mia curiosit\u00e0 \u00e8 stata monopolizzata dalla <strong>molteplicit\u00e0 e dalla particolarit\u00e0 degli strumenti musicali tipici<\/strong> dei diversi luoghi cui mi recavo. Essendo la base ritmica della musica locale molto importante, mi sorprese la <strong>quantit\u00e0 incredibile degli strumenti a percussione, a fiato ed a corde,<\/strong> all&#8217;epoca sconosciuti o quasi da noi europei.<\/p>\n<p>[\/et_pb_text][\/et_pb_column][et_pb_column type=&#8221;2_3&#8243; _builder_version=&#8221;4.19.2&#8243; _module_preset=&#8221;default&#8221; global_colors_info=&#8221;{}&#8221;][et_pb_gallery gallery_ids=&#8221;7059,7057,7060,7058&#8243; show_title_and_caption=&#8221;off&#8221; _builder_version=&#8221;4.21.0&#8243; _module_preset=&#8221;default&#8221; global_colors_info=&#8221;{}&#8221;][\/et_pb_gallery][\/et_pb_column][\/et_pb_row][et_pb_row use_custom_gutter=&#8221;on&#8221; gutter_width=&#8221;2&#8243; _builder_version=&#8221;4.21.0&#8243; _module_preset=&#8221;default&#8221; global_colors_info=&#8221;{}&#8221;][et_pb_column type=&#8221;4_4&#8243; _builder_version=&#8221;4.19.2&#8243; _module_preset=&#8221;default&#8221; global_colors_info=&#8221;{}&#8221;][et_pb_text _builder_version=&#8221;4.21.0&#8243; _module_preset=&#8221;default&#8221; header_2_text_color=&#8221;#B51919&#8243; header_2_font_size=&#8221;25px&#8221; global_colors_info=&#8221;{}&#8221;]<\/p>\n<h2><span class=\"ez-toc-section\" id=\"Quali_sono_gli_strumenti_musicali_etnici_della_musica_latino_americana\"><\/span>Quali sono gli strumenti musicali etnici della musica latino americana?<span class=\"ez-toc-section-end\"><\/span><\/h2>\n<p>Per accompagnare <strong>strumenti a corda<\/strong> come <strong>Chitarra o Charango<\/strong> ed <strong>strumenti a fiato<\/strong> come <strong><a href=\"https:\/\/www.lamamita.it\/unisex\/strumenti-a-fiato-legni-indio\" target=\"_blank\" rel=\"noopener\">Quena<\/a>, <a href=\"https:\/\/www.lamamita.it\/unisex\/zamponas-rupiwasi\" target=\"_blank\" rel=\"noopener\">Zampo\u00f1a<\/a> o Antares<\/strong> i gruppi musicali, utilizzavano, e tuttora utilizzano, <strong>strumenti musicali molto particolari<\/strong>, ricavati da zucche, da canne di bamb\u00f9 ecc.. ed altri addirittura creati con unghie di maiale, mandibola di asino e corna di toro oltre ai gi\u00e0 pi\u00f9 conosciti strumenti quali: <br \/><strong>Congas, Maracas, Cajon, Clave<\/strong> ecc&#8230;<\/p>\n<p>[\/et_pb_text][et_pb_gallery gallery_ids=&#8221;7062,7067,7063,7061,7068,7064,7066,7065&#8243; posts_number=&#8221;8&#8243; orientation=&#8221;portrait&#8221; show_title_and_caption=&#8221;off&#8221; _builder_version=&#8221;4.21.0&#8243; _module_preset=&#8221;default&#8221; global_colors_info=&#8221;{}&#8221;][\/et_pb_gallery][et_pb_gallery gallery_ids=&#8221;6950,6943,6942,6944,6951,6945,6946,6949&#8243; posts_number=&#8221;9&#8243; orientation=&#8221;portrait&#8221; show_title_and_caption=&#8221;off&#8221; _builder_version=&#8221;4.19.2&#8243; _module_preset=&#8221;default&#8221; global_colors_info=&#8221;{}&#8221;][\/et_pb_gallery][et_pb_text _builder_version=&#8221;4.21.0&#8243; _module_preset=&#8221;default&#8221; header_2_text_color=&#8221;#B51919&#8243; header_2_font_size=&#8221;25px&#8221; global_colors_info=&#8221;{}&#8221;]<\/p>\n<h2><span class=\"ez-toc-section\" id=\"La_magia_della_musica\"><\/span>La magia della musica<span class=\"ez-toc-section-end\"><\/span><\/h2>\n<p>La vera magia della musica latino americana, \u00e8 sentire<strong> l&#8217;unione armonica di questi strumenti utilizzati all&#8217;uniscono in un unico brano<\/strong>! Vi assicuro che se poi li senti suonare dal vivo, questa magia \u00e8 centuplicata, il calore che sprigionano ti riempie l&#8217;anima e tutti i tuoi sensi vengono stimolati; \u00e8 incredibile come la musica latina riesca ad inglobarti ed a diventare automaticamente parte imprenscindibile del tuo universo musicale.<\/p>\n<p>[\/et_pb_text][\/et_pb_column][\/et_pb_row][et_pb_row column_structure=&#8221;1_2,1_2&#8243; _builder_version=&#8221;4.19.2&#8243; _module_preset=&#8221;default&#8221; global_colors_info=&#8221;{}&#8221;][et_pb_column type=&#8221;1_2&#8243; _builder_version=&#8221;4.19.2&#8243; _module_preset=&#8221;default&#8221; global_colors_info=&#8221;{}&#8221;][et_pb_image src=&#8221;https:\/\/www.lamamita.it\/blog\/wp-content\/uploads\/2023\/07\/strumenti-musicali-tipici.jpg&#8221; alt=&#8221;strumenti musicali tipici&#8221; title_text=&#8221;strumenti musicali tipici&#8221; _builder_version=&#8221;4.21.0&#8243; _module_preset=&#8221;default&#8221; global_colors_info=&#8221;{}&#8221;][\/et_pb_image][\/et_pb_column][et_pb_column type=&#8221;1_2&#8243; _builder_version=&#8221;4.19.2&#8243; _module_preset=&#8221;default&#8221; global_colors_info=&#8221;{}&#8221;][et_pb_text _builder_version=&#8221;4.21.0&#8243; _module_preset=&#8221;default&#8221; header_2_text_color=&#8221;#B51919&#8243; header_2_font_size=&#8221;25px&#8221; header_3_text_color=&#8221;#B51919&#8243; global_colors_info=&#8221;{}&#8221;]<\/p>\n<h3><span class=\"ez-toc-section\" id=\"Musica_Andina\"><\/span>Musica Andina<span class=\"ez-toc-section-end\"><\/span><\/h3>\n<p>Mi \u00e8 capitato molte volte di assistere a concerti improvvisati, da <strong>sconosciuti ma straordinari musicisti,<\/strong> nelle strade o nelle piazze della capitale del Per\u00f9, Lima, ed anche nella pi\u00f9 turistica citt\u00e0 di Cuzco; \u00e8 sempre stato qualcosa di <strong>incredibile ed emozionante.<\/strong> <em>Ma il mio primo vero<\/em> <strong>concerto di musica andina<\/strong><em> al quale ho assistito,<\/em> \u00e8 stata una <strong>manifestazione culturale nata negli anni 60: la <em>Pe\u00f1a Naira<\/em><\/strong><\/p>\n<p>[\/et_pb_text][et_pb_image src=&#8221;https:\/\/www.lamamita.it\/blog\/wp-content\/uploads\/2023\/07\/Mariachi-Musicisti-messicani.jpg&#8221; alt=&#8221;Mariachi-Musicisti messicani&#8221; title_text=&#8221;Mariachi-Musicisti messicani&#8221; _builder_version=&#8221;4.21.0&#8243; _module_preset=&#8221;default&#8221; global_colors_info=&#8221;{}&#8221;][\/et_pb_image][\/et_pb_column][\/et_pb_row][et_pb_row column_structure=&#8221;1_2,1_2&#8243; _builder_version=&#8221;4.19.2&#8243; _module_preset=&#8221;default&#8221; global_colors_info=&#8221;{}&#8221;][et_pb_column type=&#8221;1_2&#8243; _builder_version=&#8221;4.19.2&#8243; _module_preset=&#8221;default&#8221; global_colors_info=&#8221;{}&#8221;][et_pb_text _builder_version=&#8221;4.21.0&#8243; _module_preset=&#8221;default&#8221; header_text_color=&#8221;#B51919&#8243; header_2_text_color=&#8221;#B51919&#8243; header_2_font_size=&#8221;25px&#8221; header_3_text_color=&#8221;#B51919&#8243; global_colors_info=&#8221;{}&#8221;]<\/p>\n<h3><span class=\"ez-toc-section\" id=\"Pena_Naira\"><\/span>Pe\u00f1a Naira<span class=\"ez-toc-section-end\"><\/span><\/h3>\n<p>In un piccolo teatro di <strong>LA Paz in Bolivia<\/strong>, per la ricorrenza di questa manifestazione culturale occasione, <strong>si esibivano i migliori suonatori locali<\/strong> di: <em>Zampo\u00f1as, Antares, Quenas, Okarina, Charanco, Marimba Maracas, Congas, Quijada de Burro e numerosi altri magnifici strumenti<\/em> musicali! <strong>Uno spettacolo unico, esaltante ed indimenticabile!<\/strong><br \/>Le melodie espresse da quelle lunghe canne di bamb\u00f9, le sfumature dei suoni e l&#8217;unione di tutti quegli <strong>strumenti musicali tanto particolari<\/strong> che univano i diversi suoni mescolandosi in un unico barno musciale, hanno suscitato in me e nella mia compagna, emozioni che, nonostante siano passati pi\u00f9 di 40 anni, non abbiamo dimenticato.<\/p>\n<p>[\/et_pb_text][\/et_pb_column][et_pb_column type=&#8221;1_2&#8243; _builder_version=&#8221;4.19.2&#8243; _module_preset=&#8221;default&#8221; global_colors_info=&#8221;{}&#8221;][et_pb_image src=&#8221;https:\/\/www.lamamita.it\/blog\/wp-content\/uploads\/2023\/07\/la-paz-bolivia.jpg&#8221; alt=&#8221;la paz bolivia&#8221; title_text=&#8221;la paz bolivia&#8221; _builder_version=&#8221;4.21.0&#8243; _module_preset=&#8221;default&#8221; global_colors_info=&#8221;{}&#8221;][\/et_pb_image][et_pb_text _builder_version=&#8221;4.21.0&#8243; _module_preset=&#8221;default&#8221; header_text_color=&#8221;#B51919&#8243; header_2_text_color=&#8221;#B51919&#8243; header_2_font_size=&#8221;25px&#8221; header_3_text_color=&#8221;#B51919&#8243; global_colors_info=&#8221;{}&#8221;]<\/p>\n<h3><span class=\"ez-toc-section\" id=\"Mal_di_montagna\"><\/span>Mal di montagna?<span class=\"ez-toc-section-end\"><\/span><\/h3>\n<p>Oltre alla bravura di questi musicisti, mi sorprese anche come potessero soffiare per ore nei loro strumenti a fiato, mentre noi faticavamo addirittura a respirare! <strong>La Paz si trova a circa 4000 metri<\/strong> di altitudine e, vi assicuro che a quell&#8217;altitudine, per noi che non ci viviamo, risulta difficile e faticoso ogni movimento!<\/p>\n<p>[\/et_pb_text][\/et_pb_column][\/et_pb_row][et_pb_row column_structure=&#8221;1_2,1_2&#8243; use_custom_gutter=&#8221;on&#8221; gutter_width=&#8221;2&#8243; _builder_version=&#8221;4.19.2&#8243; _module_preset=&#8221;default&#8221; global_colors_info=&#8221;{}&#8221;][et_pb_column type=&#8221;1_2&#8243; _builder_version=&#8221;4.19.2&#8243; _module_preset=&#8221;default&#8221; global_colors_info=&#8221;{}&#8221;][et_pb_image src=&#8221;https:\/\/www.lamamita.it\/blog\/wp-content\/uploads\/2023\/07\/la-paz-bolivia-anni-80.jpg&#8221; alt=&#8221;la paz bolivia anni 80&#8243; title_text=&#8221;la paz bolivia anni 80&#8243; _builder_version=&#8221;4.21.0&#8243; _module_preset=&#8221;default&#8221; global_colors_info=&#8221;{}&#8221;][\/et_pb_image][\/et_pb_column][et_pb_column type=&#8221;1_2&#8243; _builder_version=&#8221;4.19.2&#8243; _module_preset=&#8221;default&#8221; global_colors_info=&#8221;{}&#8221;][et_pb_testimonial quote_icon_color=&#8221;rgba(181,72,72,0.77)&#8221; quote_icon_background_color=&#8221;RGBA(255,255,255,0)&#8221; font_icon=&#8221;&#xe075;||divi||400&#8243; _builder_version=&#8221;4.21.0&#8243; _module_preset=&#8221;default&#8221; background_color=&#8221;rgba(224,210,184,0.25)&#8221; global_colors_info=&#8221;{}&#8221;]<\/p>\n<p>In questa foto, dei primi anni &#8217;80, si vede <strong>la mia dolce e intraprendente moglie<\/strong> seduta in una stradina di <strong>La Paz,<\/strong> stanca non per il duro viaggio ma per il basso livello di ossigeno.<\/p>\n<p>[\/et_pb_testimonial][et_pb_text _builder_version=&#8221;4.21.0&#8243; _module_preset=&#8221;default&#8221; header_text_color=&#8221;#B51919&#8243; header_2_text_color=&#8221;#B51919&#8243; header_2_font_size=&#8221;25px&#8221; header_3_text_color=&#8221;#B51919&#8243; custom_padding=&#8221;21px|||||&#8221; global_colors_info=&#8221;{}&#8221;]<\/p>\n<h3><span class=\"ez-toc-section\" id=\"Come_si_chiama_il_mal_di_montagna\"><\/span>Come si chiama il mal di montagna?<span class=\"ez-toc-section-end\"><\/span><\/h3>\n<p><strong>Il soroche o mal d&#8217;altura<\/strong> ( mal di montagna ) \u00e8 un problema per molti turisti in questi luoghi; i sintomi sono appunto <em>fatica ad ogni minimo movimento, fatica a respirare, giramento di testa ed in molti casi, apatia!<\/em> Questi sintomi, si alleviano con rimedi locali consigliati ai turisti, si beve mate de coca e si masticano le sue foglie; si pu\u00f2 anche ricorrere alla bombola di ossigeno, pi\u00f9 veloce ed efficace, senza per questo togliere importanza ai vecchi rimedi. Oggi, la medicina moderna consiglia e fornisce farmaci specifici per il mal di montagna. a noi sta la scelta!<\/p>\n<p>[\/et_pb_text][et_pb_text _builder_version=&#8221;4.21.0&#8243; _module_preset=&#8221;default&#8221; text_font=&#8221;||||||||&#8221; header_text_color=&#8221;#B51919&#8243; header_2_text_color=&#8221;#B51919&#8243; header_2_font_size=&#8221;25px&#8221; header_3_text_color=&#8221;#B51919&#8243; header_6_font=&#8221;Coming Soon||||||||&#8221; header_6_font_size=&#8221;20px&#8221; global_colors_info=&#8221;{}&#8221;]<\/p>\n<p>Ma di questo vi scriver\u00f2 la prossima volta.<\/p>\n<h6>MARIO<\/h6>\n<p>[\/et_pb_text][\/et_pb_column][\/et_pb_row][et_pb_row _builder_version=&#8221;4.19.2&#8243; _module_preset=&#8221;default&#8221; custom_padding=&#8221;7px|||||&#8221; global_colors_info=&#8221;{}&#8221;][et_pb_column type=&#8221;4_4&#8243; _builder_version=&#8221;4.19.2&#8243; _module_preset=&#8221;default&#8221; global_colors_info=&#8221;{}&#8221;][et_pb_text _builder_version=&#8221;4.21.0&#8243; _module_preset=&#8221;default&#8221; global_colors_info=&#8221;{}&#8221;]<\/p>\n<p>Vorreste sapere qualcosa di pi\u00f9 sui miei viaggi?<\/p>\n<p>Scoprite chi sono&#8230;meglio <strong>dire chi siamo e cosa facciamo<\/strong>: <a href=\"https:\/\/www.lamamita.it\/blog\/category\/la-nostra-storia\/\" target=\"_blank\" rel=\"noopener\"><strong>La Nostra Storia<\/strong><\/a><\/p>\n<p>&nbsp;<\/p>\n<p>[\/et_pb_text][\/et_pb_column][\/et_pb_row][\/et_pb_section]<\/p>\n","protected":false},"excerpt":{"rendered":"<p>Musica latino americana Musica latino americana &#8211; Negli ultimi anni, la musica latino americana ha conquistato il mondo! Questo \u00e8 un dato di fatto, confermato dall&#8217;immenso consenso popolare che i brani musicali e le canzoni proposte da svariati artisti di diverse nazioni e continenti.Come \u00e8 nata la musica latina? Come \u00e8 nata la musica latina [&hellip;]<\/p>\n","protected":false},"author":5,"featured_media":7074,"comment_status":"closed","ping_status":"closed","sticky":false,"template":"","format":"image","meta":{"_acf_changed":false,"_et_pb_use_builder":"on","_et_pb_old_content":"","_et_gb_content_width":"","advgb_blocks_editor_width":"","advgb_blocks_columns_visual_guide":"","ngg_post_thumbnail":0,"footnotes":""},"categories":[138,129],"tags":[166],"hf_cat_post":[],"class_list":["post-7048","post","type-post","status-publish","format-image","has-post-thumbnail","hentry","category-casa-e-hobby","category-accessori-di-moda-etnica","tag-musica","post_format-post-format-image"],"acf":[],"author_meta":{"display_name":"LaMamita","author_link":"https:\/\/www.lamamita.it\/blog\/author\/lamamita\/"},"featured_img":"https:\/\/www.lamamita.it\/blog\/wp-content\/uploads\/2023\/07\/Musica-latino-americana-300x169.jpg","coauthors":[],"tax_additional":{"categories":{"linked":["<a href=\"https:\/\/www.lamamita.it\/blog\/accessori-di-moda-etnica\/casa-e-hobby\/\" class=\"advgb-post-tax-term\">Casa e Hobby<\/a>","<a href=\"https:\/\/www.lamamita.it\/blog\/accessori-di-moda-etnica\/\" class=\"advgb-post-tax-term\">Accessori<\/a>"],"unlinked":["<span class=\"advgb-post-tax-term\">Casa e Hobby<\/span>","<span class=\"advgb-post-tax-term\">Accessori<\/span>"]},"tags":{"linked":["<a href=\"https:\/\/www.lamamita.it\/blog\/accessori-di-moda-etnica\/\" class=\"advgb-post-tax-term\">Musica<\/a>"],"unlinked":["<span class=\"advgb-post-tax-term\">Musica<\/span>"]}},"comment_count":0,"relative_dates":{"created":"Pubblicato 3 anni fa","modified":"Aggiornato 2 anni fa"},"absolute_dates":{"created":"Pubblicato il 7 Luglio 2023","modified":"Aggiornato il 22 Agosto 2024"},"absolute_dates_time":{"created":"Pubblicato il 7 Luglio 2023 12:09","modified":"Aggiornato il 22 Agosto 2024 16:16"},"featured_img_caption":"","series_order":"","_links":{"self":[{"href":"https:\/\/www.lamamita.it\/blog\/wp-json\/wp\/v2\/posts\/7048","targetHints":{"allow":["GET"]}}],"collection":[{"href":"https:\/\/www.lamamita.it\/blog\/wp-json\/wp\/v2\/posts"}],"about":[{"href":"https:\/\/www.lamamita.it\/blog\/wp-json\/wp\/v2\/types\/post"}],"author":[{"embeddable":true,"href":"https:\/\/www.lamamita.it\/blog\/wp-json\/wp\/v2\/users\/5"}],"replies":[{"embeddable":true,"href":"https:\/\/www.lamamita.it\/blog\/wp-json\/wp\/v2\/comments?post=7048"}],"version-history":[{"count":7,"href":"https:\/\/www.lamamita.it\/blog\/wp-json\/wp\/v2\/posts\/7048\/revisions"}],"predecessor-version":[{"id":11291,"href":"https:\/\/www.lamamita.it\/blog\/wp-json\/wp\/v2\/posts\/7048\/revisions\/11291"}],"wp:featuredmedia":[{"embeddable":true,"href":"https:\/\/www.lamamita.it\/blog\/wp-json\/wp\/v2\/media\/7074"}],"wp:attachment":[{"href":"https:\/\/www.lamamita.it\/blog\/wp-json\/wp\/v2\/media?parent=7048"}],"wp:term":[{"taxonomy":"category","embeddable":true,"href":"https:\/\/www.lamamita.it\/blog\/wp-json\/wp\/v2\/categories?post=7048"},{"taxonomy":"post_tag","embeddable":true,"href":"https:\/\/www.lamamita.it\/blog\/wp-json\/wp\/v2\/tags?post=7048"},{"taxonomy":"hf_cat_post","embeddable":true,"href":"https:\/\/www.lamamita.it\/blog\/wp-json\/wp\/v2\/hf_cat_post?post=7048"}],"curies":[{"name":"wp","href":"https:\/\/api.w.org\/{rel}","templated":true}]}}